{"id":35222,"date":"2023-06-14T14:59:37","date_gmt":"2023-06-14T18:59:37","guid":{"rendered":"https:\/\/360.agency\/?p=35222"},"modified":"2023-07-04T11:33:46","modified_gmt":"2023-07-04T15:33:46","slug":"360-rdv-conferences-concessionnaires-automobiles-2023","status":"publish","type":"post","link":"https:\/\/360.agency\/fr\/blog\/360-rdv-conferences-concessionnaires-automobiles-2023\/","title":{"rendered":"360.RDV Retour sur le succ\u00e8s de notre \u00e9v\u00e9nement unique!"},"content":{"rendered":"<div class=\"wpb-content-wrapper\"><p>[vc_row][vc_column][vc_empty_space][vc_column_text]<em><span style=\"font-family: Roboto;\">L\u2019ann\u00e9e derni\u00e8re 360.Agency organisait <span style=\"color: #e14940;\"><a style=\"color: #e14940;\" href=\"https:\/\/360.agency\/fr\/blog\/retour-360-rdv-2022\/\">son premier rendez-vous d\u2019experts<\/a><\/span> \u00e0 destination des concessionnaires automobiles du Canada. Fort de son succ\u00e8s,\u00a0 360.RDV revient cette ann\u00e9e dans un format plus grand, plus riche et encore plus inspirant.<\/span><\/em>[\/vc_column_text][\/vc_column][\/vc_row][vc_row content_placement=\u00a0\u00bbmiddle\u00a0\u00bb][vc_column][vc_empty_space height=\u00a0\u00bb22px\u00a0\u00bb][vc_column_text]<span style=\"font-family: Roboto;\"><span style=\"font-weight: 400;\">Le 15 juin, 2023 360.Agency organisait <\/span><b>la 2e \u00e9dition du 360.RDV,<\/b><span style=\"font-weight: 400;\"> une journ\u00e9e de <\/span><b>conf\u00e9rences et de rencontres<\/b><span style=\"font-weight: 400;\"> pour aider les concessionnaires automobiles \u00e0 appr\u00e9hender les innovations technologiques <\/span>sereinement.<span style=\"font-size: 1rem;\">\u00a0Cet <\/span><span style=\"font-size: 1rem;\">\u00e9v\u00e8nement unique a r\u00e9uni de nombreux concessionnaires et partenaires de l\u2019industrie d\u00e9sireux de s\u2019informer sur <\/span><b style=\"font-size: 1rem;\">les sujets cl\u00e9s d\u2019actualit\u00e9s qui les pr\u00e9occupent en 2023.\u00a0<\/b><\/span><\/p>\n<p><span style=\"font-weight: 400; font-family: Roboto;\">Le monde a chang\u00e9 depuis la derni\u00e8re ann\u00e9e, avec de nouvelles opportunit\u00e9s et de nouveaux d\u00e9fis li\u00e9s \u00e0 l\u2019intelligence artificielle, la protection des donn\u00e9es, la publicit\u00e9 vid\u00e9o, le nouveau Google Analytics 4, etc.<\/span><\/p>\n<p><span style=\"font-family: Roboto;\"><span style=\"font-weight: 400;\">Les experts qui ont \u00e9t\u00e9 invit\u00e9s \u00e0 prendre la parole sur la sc\u00e8ne de 360.RDV ont apport\u00e9 de nombreuses <\/span><b>solutions concr\u00e8tes et adapt\u00e9es aux besoins imm\u00e9diats des concessionnaires <\/b><span style=\"font-weight: 400;\">canadiens.\u00a0<\/span><\/span>[\/vc_column_text][vc_empty_space][vc_column_text css=\u00a0\u00bb.vc_custom_1687358718802{margin-right: 20px !important;margin-left: 20px !important;}\u00a0\u00bb]<\/p>\n<blockquote>\n<p style=\"text-align: center;\"><span style=\"font-size: 18pt;\"><strong><span style=\"font-family: Roboto;\">\u00ab Nous voulons faire en sorte que nos clients soient confiants et sereins dans l\u2019avenir de leur concession automobile. \u00bb<\/span><\/strong><\/span><\/p>\n<\/blockquote>\n<p>[\/vc_column_text][vc_empty_space][vc_custom_heading text=\u00a0\u00bbRetour sur le programme de la journ\u00e9e 360.RDV\u00a0\u00bb google_fonts=\u00a0\u00bbfont_family:Roboto%3A100%2C100italic%2C300%2C300italic%2Cregular%2Citalic%2C500%2C500italic%2C700%2C700italic%2C900%2C900italic\u00a0\u00bb el_class=\u00a0\u00bbtitle_primary\u00a0\u00bb][vc_empty_space][\/vc_column][\/vc_row][vc_row equal_height=\u00a0\u00bbyes\u00a0\u00bb el_class=\u00a0\u00bb.swap-on-mobile\u00a0\u00bb][vc_column width=\u00a0\u00bb1\/2&Prime; offset=\u00a0\u00bbvc_hidden-sm vc_hidden-xs\u00a0\u00bb][vc_column_text]<\/p>\n<div class=\"wp-block-image\">\n<p><span style=\"font-family: Roboto;\"><span style=\"font-size: 16pt;\"><span style=\"color: #f78104;\"><b><i>D\u00e9coder les d\u00e9cisions dans le parcours d&rsquo;achat d&rsquo;un v\u00e9hicule<br \/>\n<\/i><\/b><\/span><\/span><\/span><strong style=\"font-size: 12pt; font-family: Roboto;\">Mathew Growden &#8211; membre de Google Canada Auto Retail Team<\/strong><\/p>\n<p>\u2192 Mise en lumi\u00e8re et en statistique des changements de comportements des consommateurs pour mieux les comprendre pour s\u2019y adapter.<\/p>\n<\/div>\n<p><span style=\"font-family: Roboto; color: #f6a71e;\"><span style=\"font-size: 16pt;\"><b><em>M<\/em><i>ieux d\u00e9tailler vos v\u00e9hicules en ligne<br \/>\n<\/i><\/b><\/span><\/span><strong style=\"font-family: Roboto; font-size: 1rem;\">Pier-Olivier Beaupr\u00e9 &#8211; Cofondateur de Pixel Guru.<\/strong><\/p>\n<p><span style=\"font-family: Roboto; color: #4185f3;\"><span style=\"font-size: 16pt;\"><b><em>L<\/em><i>\u2019importance de la vid\u00e9o dans votre strat\u00e9gie marketing en 2023<br \/>\n<\/i><\/b><\/span><\/span><strong style=\"font-family: Roboto; font-size: 1rem;\">Kim Pelletier &#8211; Directrice M\u00e9dias, 360.Agency<\/strong><\/p>\n<p>\u2192 Des <span style=\"font-family: Roboto; font-size: 1rem;\">solutions concr\u00e8tes et innovantes pour utiliser la photo ou la vid\u00e9o<\/span><span style=\"font-weight: 400;\"> pour promouvoir davantage les v\u00e9hicules et fid\u00e9liser une client\u00e8le gr\u00e2ce \u00e0 l&rsquo;utilisation des nouveaux m\u00e9dias et support \u00e0 la mode.<\/span>[\/vc_column_text][\/vc_column][vc_column width=\u00a0\u00bb1\/2&Prime; offset=\u00a0\u00bbvc_hidden-sm vc_hidden-xs\u00a0\u00bb][vc_single_image image=\u00a0\u00bb35324&Prime; img_size=\u00a0\u00bbfull\u00a0\u00bb alignment=\u00a0\u00bbright\u00a0\u00bb][\/vc_column][\/vc_row][vc_row equal_height=\u00a0\u00bbyes\u00a0\u00bb el_class=\u00a0\u00bb.swap-on-mobile\u00a0\u00bb][vc_column offset=\u00a0\u00bbvc_hidden-lg vc_hidden-md\u00a0\u00bb][vc_single_image image=\u00a0\u00bb35324&Prime; img_size=\u00a0\u00bbfull\u00a0\u00bb alignment=\u00a0\u00bbright\u00a0\u00bb][vc_column_text]<\/p>\n<div class=\"wp-block-image\">\n<p><span style=\"font-family: Roboto;\"><span style=\"font-size: 16pt;\"><span style=\"color: #f78104;\"><b><i><span style=\"font-size: 14pt;\">D\u00e9coder les d\u00e9cisions dans le parcours d&rsquo;achat d&rsquo;un v\u00e9hicule<\/span><br \/>\n<\/i><\/b><\/span><\/span><\/span><strong style=\"font-size: 12pt; font-family: Roboto;\">Mathew Growden &#8211; membre de Google Canada Auto Retail Team<\/strong><\/p>\n<p>\u2192 Mise en lumi\u00e8re et en statistique des changements de comportements des consommateurs pour mieux les comprendre pour s\u2019y adapter.<\/p>\n<\/div>\n<p><span style=\"font-family: Roboto; color: #f6a71e;\"><span style=\"font-size: 16pt;\"><b><span style=\"font-size: 14pt;\"><em>M<\/em><\/span><i><span style=\"font-size: 14pt;\">ieux d\u00e9tailler vos v\u00e9hicules en ligne<\/span><br \/>\n<\/i><\/b><\/span><\/span><strong style=\"font-family: Roboto; font-size: 1rem;\">Pier-Olivier Beaupr\u00e9 &#8211; Cofondateur de Pixel Guru.<\/strong><\/p>\n<p><span style=\"font-family: Roboto; color: #4185f3;\"><span style=\"font-size: 16pt;\"><b><span style=\"font-size: 14pt;\"><em>L<\/em><\/span><i><span style=\"font-size: 14pt;\">\u2019importance de la vid\u00e9o dans votre strat\u00e9gie marketing en 2023<\/span><br \/>\n<\/i><\/b><\/span><\/span><strong style=\"font-family: Roboto; font-size: 1rem;\">Kim Pelletier &#8211; Directrice M\u00e9dias, 360.Agency<\/strong><\/p>\n<p>\u2192 Des <span style=\"font-family: Roboto; font-size: 1rem;\">solutions concr\u00e8tes et innovantes pour utiliser la photo ou la vid\u00e9o<\/span><span style=\"font-weight: 400;\"> pour promouvoir davantage les v\u00e9hicules et fid\u00e9liser une client\u00e8le gr\u00e2ce \u00e0 l&rsquo;utilisation des nouveaux m\u00e9dias et support \u00e0 la mode.<\/span>[\/vc_column_text][\/vc_column][\/vc_row][vc_row el_class=\u00a0\u00bb.swap-on-mobile\u00a0\u00bb][vc_column width=\u00a0\u00bb1\/2&Prime; offset=\u00a0\u00bbvc_hidden-sm vc_hidden-xs\u00a0\u00bb][vc_single_image image=\u00a0\u00bb35334&Prime; img_size=\u00a0\u00bbfull\u00a0\u00bb][\/vc_column][vc_column width=\u00a0\u00bb1\/2&Prime; offset=\u00a0\u00bbvc_hidden-sm vc_hidden-xs\u00a0\u00bb][vc_empty_space][vc_column_text]<\/p>\n<div class=\"wp-block-image\">\n<ul>\n<li style=\"list-style-type: none;\"><b style=\"color: #59af31; font-size: 16pt; font-family: Roboto;\"><i>SEO. Intelligent ou artificiel?<br \/>\n<\/i><\/b><strong style=\"font-size: 1rem;\">Charles Jolicoeur &#8211; CEO de Netmedia 360.<\/strong><\/li>\n<\/ul>\n<\/div>\n<p>\u2192 <span style=\"font-family: Roboto; font-size: 1rem;\">Des solutions pour utiliser l&rsquo;intelligence artificielle comme Chat GPT et optimiser les strat\u00e9gies SEO des concessionnaires.<\/span>[\/vc_column_text][vc_column_text]<span style=\"font-family: Roboto; color: #f78104;\"><span style=\"font-size: 16pt;\"><strong><i>Ce<\/i><\/strong><b><i> que vous devez savoir sur Google Analytics 4<br \/>\n<\/i><\/b><\/span><\/span><strong style=\"font-family: Roboto; font-size: 1rem;\">Carine Masse &#8211; VP des op\u00e9rations publicitaires, 360.Agency.<br \/>\n<\/strong><span style=\"font-family: Roboto;\"><span style=\"font-weight: 400;\"><br \/>\n\u2192 GA 4 bouleverse sa fa\u00e7on d\u2019\u00e9valuer les sites web. Les changements de donn\u00e9es \u00e0 prendre en compte peuvent donner l\u2019impression d\u2019\u00eatre complexes \u00e0 prendre en main. Pr\u00e9sentation de la marche \u00e0 suivre avec cette nouvelle version en proposant un tutoriel simple et clair des nouvelles opportunit\u00e9s de GA 4.<\/span><\/span>[\/vc_column_text][\/vc_column][\/vc_row][vc_row el_class=\u00a0\u00bb.swap-on-mobile\u00a0\u00bb][vc_column offset=\u00a0\u00bbvc_hidden-lg vc_hidden-md\u00a0\u00bb][vc_single_image image=\u00a0\u00bb35334&Prime; img_size=\u00a0\u00bbfull\u00a0\u00bb][vc_column_text]<\/p>\n<div class=\"wp-block-image\">\n<ul>\n<li style=\"list-style-type: none;\"><b style=\"color: #59af31; font-size: 14pt; font-family: Roboto;\"><i>SEO. Intelligent ou artificiel?<br \/>\n<\/i><\/b><strong style=\"font-size: 1rem;\">Charles Jolicoeur &#8211; CEO de Netmedia 360.<\/strong><\/li>\n<\/ul>\n<\/div>\n<p>\u2192 <span style=\"font-family: Roboto; font-size: 1rem;\">Des solutions pour utiliser l&rsquo;intelligence artificielle comme Chat GPT et optimiser les strat\u00e9gies SEO des concessionnaires.<\/span>[\/vc_column_text][vc_column_text]<span style=\"font-family: Roboto; color: #f78104;\"><span style=\"font-size: 14pt;\"><strong><i>Ce<\/i><\/strong><b><i> que vous devez savoir sur Google Analytics 4<br \/>\n<\/i><\/b><\/span><\/span><strong style=\"font-family: Roboto; font-size: 1rem;\">Carine Masse &#8211; VP des op\u00e9rations publicitaires, 360.Agency.<br \/>\n<\/strong><span style=\"font-family: Roboto;\"><span style=\"font-weight: 400;\"><br \/>\n\u2192 GA 4 bouleverse sa fa\u00e7on d\u2019\u00e9valuer les sites web. Les changements de donn\u00e9es \u00e0 prendre en compte peuvent donner l\u2019impression d\u2019\u00eatre complexes \u00e0 prendre en main. Pr\u00e9sentation de la marche \u00e0 suivre avec cette nouvelle version en proposant un tutoriel simple et clair des nouvelles opportunit\u00e9s de GA 4.<\/span><\/span>[\/vc_column_text][\/vc_column][\/vc_row][vc_row el_class=\u00a0\u00bb.swap-on-mobile\u00a0\u00bb][vc_column width=\u00a0\u00bb1\/2&Prime; offset=\u00a0\u00bbvc_hidden-sm vc_hidden-xs\u00a0\u00bb][vc_empty_space][vc_column_text]<span style=\"color: #3f87e0;\"><b style=\"font-size: 16pt;\"><i>Discussion au coin du feu: le futur de la vente de v\u00e9hicule<\/i><\/b><\/span><\/p>\n<ul>\n<li style=\"list-style-type: none;\">\n<ul>\n<li style=\"list-style-type: none;\">\n<ul>\n<li><span style=\"font-family: Roboto;\"><strong>Mathew Growden &#8211; Google Canada Auto Retail Team.<\/strong><\/span><\/li>\n<li><span style=\"font-family: Roboto;\"><strong>Louis-Yves Cloutier &#8211; CEO et Pr\u00e9sident de 360.Agency.<\/strong><\/span><\/li>\n<li><span style=\"font-family: Roboto;\"><strong>Mathieu Spinelli &#8211; Vice-Pr\u00e9sident ex\u00e9cutif, groupe Spinelli.<\/strong><\/span><\/li>\n<\/ul>\n<\/li>\n<\/ul>\n<\/li>\n<\/ul>\n<p><span style=\"font-family: Roboto;\">\u2192 Trois joueurs de l\u2019industrie automobiles, reconnus dans leur domaine, et aux profils compl\u00e9mentaires ont eu une discussion \u00e0 coeur ouvert sur les enjeux actuels de l\u2019industrie.<\/span>[\/vc_column_text][\/vc_column][vc_column width=\u00a0\u00bb1\/2&Prime; offset=\u00a0\u00bbvc_hidden-sm vc_hidden-xs\u00a0\u00bb][vc_single_image image=\u00a0\u00bb35341&Prime; img_size=\u00a0\u00bbfull\u00a0\u00bb alignment=\u00a0\u00bbright\u00a0\u00bb][\/vc_column][\/vc_row][vc_row el_class=\u00a0\u00bb.swap-on-mobile\u00a0\u00bb][vc_column offset=\u00a0\u00bbvc_hidden-lg vc_hidden-md\u00a0\u00bb][vc_single_image image=\u00a0\u00bb35341&Prime; img_size=\u00a0\u00bbfull\u00a0\u00bb alignment=\u00a0\u00bbright\u00a0\u00bb][vc_column_text]<span style=\"color: #3f87e0;\"><b style=\"font-size: 14pt;\"><i>Discussion au coin du feu: le futur de la vente de v\u00e9hicule<\/i><\/b><\/span><\/p>\n<ul>\n<li style=\"list-style-type: none;\">\n<ul>\n<li style=\"list-style-type: none;\">\n<ul>\n<li><span style=\"font-family: Roboto;\"><strong>Mathew Growden &#8211; Google Canada Auto Retail Team.<\/strong><\/span><\/li>\n<li><span style=\"font-family: Roboto;\"><strong>Louis-Yves Cloutier &#8211; CEO et Pr\u00e9sident de 360.Agency.<\/strong><\/span><\/li>\n<li><span style=\"font-family: Roboto;\"><strong>Mathieu Spinelli &#8211; Vice-Pr\u00e9sident ex\u00e9cutif, groupe Spinelli.<\/strong><\/span><\/li>\n<\/ul>\n<\/li>\n<\/ul>\n<\/li>\n<\/ul>\n<p><span style=\"font-family: Roboto;\">\u2192 Trois joueurs de l\u2019industrie automobiles, reconnus dans leur domaine, et aux profils compl\u00e9mentaires ont eu une discussion \u00e0 coeur ouvert sur les enjeux actuels de l\u2019industrie.<\/span>[\/vc_column_text][\/vc_column][\/vc_row][vc_row el_class=\u00a0\u00bb.swap-on-mobile\u00a0\u00bb][vc_column width=\u00a0\u00bb1\/2&Prime; offset=\u00a0\u00bbvc_hidden-sm vc_hidden-xs\u00a0\u00bb][vc_single_image image=\u00a0\u00bb35332&Prime; img_size=\u00a0\u00bblarge\u00a0\u00bb el_class=\u00a0\u00bbvc_col-sm-push-6&Prime;][\/vc_column][vc_column width=\u00a0\u00bb1\/2&Prime; offset=\u00a0\u00bbvc_hidden-sm vc_hidden-xs\u00a0\u00bb][vc_column_text]<b style=\"font-size: 16pt; color: #59af31; font-family: Roboto;\"><i>Les nouvelles politiques sur la confidentialit\u00e9 des donn\u00e9es et la loi 25<br \/>\n<\/i><\/b><span style=\"font-family: Roboto;\"><strong>Philippe-Antoine Laurence &#8211; VP technologie et protection de la vie priv\u00e9e, 360.Agency.<br \/>\n<\/strong><br \/>\n\u2192 <span style=\"font-weight: 400;\">La nouvelle loi 25\u00a0 entr\u00e9e en vigueur il y a quelques mois \u00e0 un impact sur les concessionnaires qui doivent r\u00e9pondre d\u2019un certain nombre de mesures visant \u00e0 garantir la s\u00e9curit\u00e9 des donn\u00e9es personnelles. Explication des enjeux.<\/span><\/span><\/p>\n<p><span style=\"font-family: Roboto; font-size: 16pt; color: #f8b120;\"><b><i>DRX 360, la plateforme Omnicanal qui change la donne!<br \/>\n<\/i><\/b><\/span><span style=\"font-family: Roboto;\"><strong>Louis-Yves Cloutier &#8211; Pr\u00e9sident et CEO de 360.Agency<\/strong><\/span><br \/>\n<span style=\"font-family: Roboto;\"><span style=\"font-weight: 400;\"><br \/>\n\u2192\u00a0Lancement officiellement de notre derni\u00e8re innovation, DRX 360, la premi\u00e8re plateforme omnicanale tout-en-un qui regroupe toutes les fonctions indispensables pour cr\u00e9er, g\u00e9rer et vendre des v\u00e9hicules en ligne et en concession simultan\u00e9ment.<br \/>\n<\/span><\/span>[\/vc_column_text][\/vc_column][\/vc_row][vc_row el_class=\u00a0\u00bb.swap-on-mobile\u00a0\u00bb][vc_column offset=\u00a0\u00bbvc_hidden-lg vc_hidden-md\u00a0\u00bb][vc_single_image image=\u00a0\u00bb35332&Prime; img_size=\u00a0\u00bblarge\u00a0\u00bb el_class=\u00a0\u00bbvc_col-sm-push-6&Prime;][vc_column_text]<b style=\"font-size: 14pt; color: #59af31; font-family: Roboto;\"><i>Les nouvelles politiques sur la confidentialit\u00e9 des donn\u00e9es et la loi 25<br \/>\n<\/i><\/b><span style=\"font-family: Roboto;\"><strong>Philippe-Antoine Laurence &#8211; VP technologie et protection de la vie priv\u00e9e, 360.Agency.<br \/>\n<\/strong><br \/>\n\u2192 <span style=\"font-weight: 400;\">La nouvelle loi 25\u00a0 entr\u00e9e en vigueur il y a quelques mois \u00e0 un impact sur les concessionnaires qui doivent r\u00e9pondre d\u2019un certain nombre de mesures visant \u00e0 garantir la s\u00e9curit\u00e9 des donn\u00e9es personnelles. Explication des enjeux.<\/span><\/span><\/p>\n<p><span style=\"font-family: Roboto; font-size: 14pt; color: #f8b120;\"><b><i>DRX 360, la plateforme Omnicanal qui change la donne!<br \/>\n<\/i><\/b><\/span><span style=\"font-family: Roboto;\"><strong>Louis-Yves Cloutier &#8211; Pr\u00e9sident et CEO de 360.Agency<\/strong><\/span><br \/>\n<span style=\"font-family: Roboto;\"><span style=\"font-weight: 400;\"><br \/>\n\u2192\u00a0Lancement officiellement de notre derni\u00e8re innovation, DRX 360, la premi\u00e8re plateforme omnicanale tout-en-un qui regroupe toutes les fonctions indispensables pour cr\u00e9er, g\u00e9rer et vendre des v\u00e9hicules en ligne et en concession simultan\u00e9ment.<br \/>\n<\/span><\/span>[\/vc_column_text][\/vc_column][\/vc_row][vc_row][vc_column][vc_column_text el_class=\u00a0\u00bbtitle_primary\u00a0\u00bb]<span style=\"font-family: Roboto; font-size: 18pt;\">Les conf\u00e9renciers<\/span>[\/vc_column_text][vc_row_inner equal_height=\u00a0\u00bbyes\u00a0\u00bb gap=\u00a0\u00bb30&Prime;][vc_column_inner width=\u00a0\u00bb1\/4&Prime; css=\u00a0\u00bb.vc_custom_1654869080024{margin-top: 10px !important;margin-right: 4% !important;margin-bottom: 10px !important;margin-left: 4% !important;border-top-width: 1px !important;border-right-width: 1px !important;border-bottom-width: 1px !important;border-left-width: 1px !important;padding-top: 10% !important;padding-right: 10% !important;padding-bottom: 10% !important;padding-left: 10% !important;background-color: #ffffff !important;border-left-color: #d8d8d8 !important;border-left-style: solid !important;border-right-color: #d8d8d8 !important;border-right-style: solid !important;border-top-color: #d8d8d8 !important;border-top-style: solid !important;border-bottom-color: #d8d8d8 !important;border-bottom-style: solid !important;}\u00a0\u00bb][vc_single_image image=\u00a0\u00bb31102&Prime; alignment=\u00a0\u00bbcenter\u00a0\u00bb css=\u00a0\u00bb.vc_custom_1655153749006{padding-top: 20px !important;}\u00a0\u00bb][vc_custom_heading text=\u00a0\u00bbMathew Growden\u00a0\u00bb font_container=\u00a0\u00bbtag:div|font_size:16px|text_align:center|color:%234a4a4a|line_height:22px\u00a0\u00bb google_fonts=\u00a0\u00bbfont_family:Roboto%3A100%2C100italic%2C300%2C300italic%2Cregular%2Citalic%2C500%2C500italic%2C700%2C700italic%2C900%2C900italic\u00a0\u00bb el_class=\u00a0\u00bbtxt-regular\u00a0\u00bb css=\u00a0\u00bb.vc_custom_1655148527809{margin-top: 0px !important;margin-right: 0px !important;margin-bottom: 0px !important;margin-left: 0px !important;border-top-width: 0px !important;border-right-width: 0px !important;border-bottom-width: 0px !important;border-left-width: 0px !important;padding-top: 0px !important;padding-right: 0px !important;padding-bottom: 20px !important;padding-left: 0px !important;}\u00a0\u00bb][vc_custom_heading text=\u00a0\u00bbMembre de l\u2019\u00e9quipe Google Canada Auto Retail\u00a0\u00bb font_container=\u00a0\u00bbtag:div|font_size:14px|text_align:center|color:%234a4a4a|line_height:20px\u00a0\u00bb google_fonts=\u00a0\u00bbfont_family:Roboto%3A100%2C100italic%2C300%2C300italic%2Cregular%2Citalic%2C500%2C500italic%2C700%2C700italic%2C900%2C900italic\u00a0\u00bb el_class=\u00a0\u00bbtitle_secondary\u00a0\u00bb css=\u00a0\u00bb.vc_custom_1655148367322{margin-top: 0px !important;margin-right: 0px !important;margin-bottom: 0px !important;margin-left: 0px !important;border-top-width: 0px !important;border-right-width: 0px !important;border-bottom-width: 0px !important;border-left-width: 0px !important;padding-top: 0px !important;padding-right: 0px !important;padding-bottom: 20px !important;padding-left: 0px !important;}\u00a0\u00bb][\/vc_column_inner][vc_column_inner width=\u00a0\u00bb1\/4&Prime; css=\u00a0\u00bb.vc_custom_1654869062323{margin-top: 10px !important;margin-right: 4% !important;margin-bottom: 10px !important;margin-left: 4% !important;border-top-width: 1px !important;border-right-width: 1px !important;border-bottom-width: 1px !important;border-left-width: 1px !important;padding-top: 10% !important;padding-right: 10% !important;padding-bottom: 10% !important;padding-left: 10% !important;background-color: #ffffff !important;border-left-color: #d8d8d8 !important;border-left-style: solid !important;border-right-color: #d8d8d8 !important;border-right-style: solid !important;border-top-color: #d8d8d8 !important;border-top-style: solid !important;border-bottom-color: #d8d8d8 !important;border-bottom-style: solid !important;}\u00a0\u00bb][vc_single_image image=\u00a0\u00bb35279&Prime; alignment=\u00a0\u00bbcenter\u00a0\u00bb css=\u00a0\u00bb.vc_custom_1686860172947{padding-top: 20px !important;}\u00a0\u00bb][vc_custom_heading text=\u00a0\u00bbPier-Olivier Beaupr\u00e9\u00a0\u00bb font_container=\u00a0\u00bbtag:div|font_size:16px|text_align:center|color:%234a4a4a|line_height:22px\u00a0\u00bb google_fonts=\u00a0\u00bbfont_family:Roboto%3A100%2C100italic%2C300%2C300italic%2Cregular%2Citalic%2C500%2C500italic%2C700%2C700italic%2C900%2C900italic\u00a0\u00bb el_class=\u00a0\u00bbtxt-regular\u00a0\u00bb css=\u00a0\u00bb.vc_custom_1686925833253{margin-top: 0px !important;margin-right: 0px !important;margin-bottom: 0px !important;margin-left: 0px !important;border-top-width: 0px !important;border-right-width: 0px !important;border-bottom-width: 0px !important;border-left-width: 0px !important;padding-top: 0px !important;padding-right: 0px !important;padding-bottom: 20px !important;padding-left: 0px !important;}\u00a0\u00bb][vc_custom_heading text=\u00a0\u00bbCofondateur \u2013<br \/>\nPixel Guru\u00a0\u00bb font_container=\u00a0\u00bbtag:div|font_size:14px|text_align:center|color:%234a4a4a|line_height:20px\u00a0\u00bb google_fonts=\u00a0\u00bbfont_family:Roboto%3A100%2C100italic%2C300%2C300italic%2Cregular%2Citalic%2C500%2C500italic%2C700%2C700italic%2C900%2C900italic\u00a0\u00bb el_class=\u00a0\u00bbtitle_secondary\u00a0\u00bb css=\u00a0\u00bb.vc_custom_1687286663380{margin-top: 0px !important;margin-right: 0px !important;margin-bottom: 0px !important;margin-left: 0px !important;border-top-width: 0px !important;border-right-width: 0px !important;border-bottom-width: 0px !important;border-left-width: 0px !important;padding-top: 0px !important;padding-right: 0px !important;padding-bottom: 20px !important;padding-left: 0px !important;}\u00a0\u00bb][\/vc_column_inner][vc_column_inner width=\u00a0\u00bb1\/4&Prime; css=\u00a0\u00bb.vc_custom_1654869069300{margin-top: 10px !important;margin-right: 4% !important;margin-bottom: 10px !important;margin-left: 4% !important;border-top-width: 1px !important;border-right-width: 1px !important;border-bottom-width: 1px !important;border-left-width: 1px !important;padding-top: 10% !important;padding-right: 10% !important;padding-bottom: 10% !important;padding-left: 10% !important;background-color: #ffffff !important;border-left-color: #d8d8d8 !important;border-left-style: solid !important;border-right-color: #d8d8d8 !important;border-right-style: solid !important;border-top-color: #d8d8d8 !important;border-top-style: solid !important;border-bottom-color: #d8d8d8 !important;border-bottom-style: solid !important;}\u00a0\u00bb][vc_single_image image=\u00a0\u00bb31093&Prime; alignment=\u00a0\u00bbcenter\u00a0\u00bb onclick=\u00a0\u00bbcustom_link\u00a0\u00bb css=\u00a0\u00bb.vc_custom_1654879015197{padding-top: 20px !important;}\u00a0\u00bb link=\u00a0\u00bbhttps:\/\/360.agency\/fr\/compagnies\/netmedia360-journalisme-automobile\/\u00a0\u00bb][vc_custom_heading text=\u00a0\u00bbCharles Jolicoeur\u00a0\u00bb font_container=\u00a0\u00bbtag:div|font_size:16px|text_align:center|color:%234a4a4a|line_height:22px\u00a0\u00bb google_fonts=\u00a0\u00bbfont_family:Roboto%3A100%2C100italic%2C300%2C300italic%2Cregular%2Citalic%2C500%2C500italic%2C700%2C700italic%2C900%2C900italic\u00a0\u00bb el_class=\u00a0\u00bbtxt-regular\u00a0\u00bb css=\u00a0\u00bb.vc_custom_1655148540700{margin-top: 0px !important;margin-right: 0px !important;margin-bottom: 0px !important;margin-left: 0px !important;border-top-width: 0px !important;border-right-width: 0px !important;border-bottom-width: 0px !important;border-left-width: 0px !important;padding-top: 0px !important;padding-right: 0px !important;padding-bottom: 20px !important;padding-left: 0px !important;}\u00a0\u00bb][vc_custom_heading text=\u00a0\u00bbDirecteur et<br \/>\nCo-Fondateur de NETMEDIA 360&Prime; font_container=\u00a0\u00bbtag:div|font_size:14px|text_align:center|color:%234a4a4a|line_height:20px\u00a0\u00bb google_fonts=\u00a0\u00bbfont_family:Roboto%3A100%2C100italic%2C300%2C300italic%2Cregular%2Citalic%2C500%2C500italic%2C700%2C700italic%2C900%2C900italic\u00a0\u00bb el_class=\u00a0\u00bbtitle_secondary\u00a0\u00bb css=\u00a0\u00bb.vc_custom_1687286675699{margin-top: 0px !important;margin-right: 0px !important;margin-bottom: 0px !important;margin-left: 0px !important;border-top-width: 0px !important;border-right-width: 0px !important;border-bottom-width: 0px !important;border-left-width: 0px !important;padding-top: 0px !important;padding-right: 0px !important;padding-bottom: 20px !important;padding-left: 0px !important;}\u00a0\u00bb link=\u00a0\u00bburl:https%3A%2F%2F360.agency%2Ffr%2Fcompagnies%2Fnetmedia360-journalisme-automobile%2F|title:NETMEDIA%20360&Prime;][\/vc_column_inner][vc_column_inner width=\u00a0\u00bb1\/4&Prime; css=\u00a0\u00bb.vc_custom_1654869055268{margin-top: 10px !important;margin-right: 4% !important;margin-bottom: 10px !important;margin-left: 4% !important;border-top-width: 1px !important;border-right-width: 1px !important;border-bottom-width: 1px !important;border-left-width: 1px !important;padding-top: 10% !important;padding-right: 10% !important;padding-bottom: 10% !important;padding-left: 10% !important;background-color: #ffffff !important;border-left-color: #d8d8d8 !important;border-left-style: solid !important;border-right-color: #d8d8d8 !important;border-right-style: solid !important;border-top-color: #d8d8d8 !important;border-top-style: solid !important;border-bottom-color: #d8d8d8 !important;border-bottom-style: solid !important;}\u00a0\u00bb][vc_single_image image=\u00a0\u00bb35284&Prime; alignment=\u00a0\u00bbcenter\u00a0\u00bb onclick=\u00a0\u00bbcustom_link\u00a0\u00bb css=\u00a0\u00bb.vc_custom_1686925202541{padding-top: 20px !important;}\u00a0\u00bb link=\u00a0\u00bbhttps:\/\/360.agency\/fr\/compagnies\/fidelitix-publicite-programmatique\/\u00a0\u00bb][vc_custom_heading text=\u00a0\u00bbKim Pelletier\u00a0\u00bb font_container=\u00a0\u00bbtag:div|font_size:16px|text_align:center|color:%234a4a4a|line_height:22px\u00a0\u00bb google_fonts=\u00a0\u00bbfont_family:Roboto%3A100%2C100italic%2C300%2C300italic%2Cregular%2Citalic%2C500%2C500italic%2C700%2C700italic%2C900%2C900italic\u00a0\u00bb el_class=\u00a0\u00bbtxt-regular\u00a0\u00bb css=\u00a0\u00bb.vc_custom_1686925848519{margin-top: 0px !important;margin-right: 0px !important;margin-bottom: 0px !important;margin-left: 0px !important;border-top-width: 0px !important;border-right-width: 0px !important;border-bottom-width: 0px !important;border-left-width: 0px !important;padding-top: 0px !important;padding-right: 0px !important;padding-bottom: 20px !important;padding-left: 0px !important;}\u00a0\u00bb][vc_custom_heading text=\u00a0\u00bbDirectrice M\u00e9dias \u2013<br \/>\n360.Agency\u00a0\u00bb font_container=\u00a0\u00bbtag:div|font_size:14px|text_align:center|color:%234a4a4a|line_height:20px\u00a0\u00bb google_fonts=\u00a0\u00bbfont_family:Roboto%3A100%2C100italic%2C300%2C300italic%2Cregular%2Citalic%2C500%2C500italic%2C700%2C700italic%2C900%2C900italic\u00a0\u00bb el_class=\u00a0\u00bbtitle_secondary\u00a0\u00bb css=\u00a0\u00bb.vc_custom_1687286688430{margin-top: 0px !important;margin-right: 0px !important;margin-bottom: 0px !important;margin-left: 0px !important;border-top-width: 0px !important;border-right-width: 0px !important;border-bottom-width: 0px !important;border-left-width: 0px !important;padding-top: 0px !important;padding-right: 0px !important;padding-bottom: 0px !important;padding-left: 0px !important;}\u00a0\u00bb link=\u00a0\u00bburl:https%3A%2F%2F360.agency%2Ffr%2Fcompagnies%2Ffidelitix-publicite-programmatique%2F|title:Fidelitix\u00a0\u00bb][\/vc_column_inner][\/vc_row_inner][vc_row_inner equal_height=\u00a0\u00bbyes\u00a0\u00bb gap=\u00a0\u00bb30&Prime;][vc_column_inner width=\u00a0\u00bb1\/4&Prime; css=\u00a0\u00bb.vc_custom_1654869062323{margin-top: 10px !important;margin-right: 4% !important;margin-bottom: 10px !important;margin-left: 4% !important;border-top-width: 1px !important;border-right-width: 1px !important;border-bottom-width: 1px !important;border-left-width: 1px !important;padding-top: 10% !important;padding-right: 10% !important;padding-bottom: 10% !important;padding-left: 10% !important;background-color: #ffffff !important;border-left-color: #d8d8d8 !important;border-left-style: solid !important;border-right-color: #d8d8d8 !important;border-right-style: solid !important;border-top-color: #d8d8d8 !important;border-top-style: solid !important;border-bottom-color: #d8d8d8 !important;border-bottom-style: solid !important;}\u00a0\u00bb][vc_single_image image=\u00a0\u00bb31107&Prime; alignment=\u00a0\u00bbcenter\u00a0\u00bb css=\u00a0\u00bb.vc_custom_1655303051738{padding-top: 20px !important;}\u00a0\u00bb][vc_custom_heading text=\u00a0\u00bbCarine Masse\u00a0\u00bb font_container=\u00a0\u00bbtag:div|font_size:16px|text_align:center|color:%234a4a4a|line_height:22px\u00a0\u00bb google_fonts=\u00a0\u00bbfont_family:Roboto%3A100%2C100italic%2C300%2C300italic%2Cregular%2Citalic%2C500%2C500italic%2C700%2C700italic%2C900%2C900italic\u00a0\u00bb el_class=\u00a0\u00bbtxt-regular\u00a0\u00bb css=\u00a0\u00bb.vc_custom_1655148521865{margin-top: 0px !important;margin-right: 0px !important;margin-bottom: 0px !important;margin-left: 0px !important;border-top-width: 0px !important;border-right-width: 0px !important;border-bottom-width: 0px !important;border-left-width: 0px !important;padding-top: 0px !important;padding-right: 0px !important;padding-bottom: 20px !important;padding-left: 0px !important;}\u00a0\u00bb][vc_custom_heading text=\u00a0\u00bbVP Op\u00e9rations publicitaires &#8211; 360.Agency\u00a0\u00bb font_container=\u00a0\u00bbtag:div|font_size:14px|text_align:center|color:%234a4a4a|line_height:20px\u00a0\u00bb google_fonts=\u00a0\u00bbfont_family:Roboto%3A100%2C100italic%2C300%2C300italic%2Cregular%2Citalic%2C500%2C500italic%2C700%2C700italic%2C900%2C900italic\u00a0\u00bb el_class=\u00a0\u00bbtitle_secondary\u00a0\u00bb css=\u00a0\u00bb.vc_custom_1686925878936{margin-top: 0px !important;margin-right: 0px !important;margin-bottom: 0px !important;margin-left: 0px !important;border-top-width: 0px !important;border-right-width: 0px !important;border-bottom-width: 0px !important;border-left-width: 0px !important;padding-top: 0px !important;padding-right: 0px !important;padding-bottom: 20px !important;padding-left: 0px !important;}\u00a0\u00bb][\/vc_column_inner][vc_column_inner width=\u00a0\u00bb1\/4&Prime; css=\u00a0\u00bb.vc_custom_1654869055268{margin-top: 10px !important;margin-right: 4% !important;margin-bottom: 10px !important;margin-left: 4% !important;border-top-width: 1px !important;border-right-width: 1px !important;border-bottom-width: 1px !important;border-left-width: 1px !important;padding-top: 10% !important;padding-right: 10% !important;padding-bottom: 10% !important;padding-left: 10% !important;background-color: #ffffff !important;border-left-color: #d8d8d8 !important;border-left-style: solid !important;border-right-color: #d8d8d8 !important;border-right-style: solid !important;border-top-color: #d8d8d8 !important;border-top-style: solid !important;border-bottom-color: #d8d8d8 !important;border-bottom-style: solid !important;}\u00a0\u00bb][vc_single_image image=\u00a0\u00bb35300&Prime; alignment=\u00a0\u00bbcenter\u00a0\u00bb css=\u00a0\u00bb.vc_custom_1687287095502{padding-top: 20px !important;}\u00a0\u00bb][vc_custom_heading text=\u00a0\u00bbMathieu Spinelli\u00a0\u00bb font_container=\u00a0\u00bbtag:div|font_size:16px|text_align:left|color:%234a4a4a|line_height:5px\u00a0\u00bb google_fonts=\u00a0\u00bbfont_family:Roboto%3A100%2C100italic%2C300%2C300italic%2Cregular%2Citalic%2C500%2C500italic%2C700%2C700italic%2C900%2C900italic\u00a0\u00bb el_class=\u00a0\u00bbtxt-regular\u00a0\u00bb css=\u00a0\u00bb.vc_custom_1687286779864{margin-top: 0px !important;margin-right: 0px !important;margin-bottom: 0px !important;margin-left: 0px !important;border-top-width: 0px !important;border-right-width: 0px !important;border-bottom-width: 0px !important;border-left-width: 0px !important;padding-top: 0px !important;padding-right: 0px !important;padding-bottom: 20px !important;padding-left: 0px !important;}\u00a0\u00bb][vc_custom_heading text=\u00a0\u00bbVP Ex\u00e9cutif, Groupe Spinelli\u00a0\u00bb font_container=\u00a0\u00bbtag:div|font_size:14px|text_align:center|color:%234a4a4a|line_height:20px\u00a0\u00bb google_fonts=\u00a0\u00bbfont_family:Roboto%3A100%2C100italic%2C300%2C300italic%2Cregular%2Citalic%2C500%2C500italic%2C700%2C700italic%2C900%2C900italic\u00a0\u00bb el_class=\u00a0\u00bbtitle_secondary\u00a0\u00bb css=\u00a0\u00bb.vc_custom_1687287150660{margin-top: 0px !important;margin-right: 0px !important;margin-bottom: 0px !important;margin-left: 0px !important;border-top-width: 0px !important;border-right-width: 0px !important;border-bottom-width: 0px !important;border-left-width: 0px !important;padding-top: 0px !important;padding-right: 0px !important;padding-bottom: 20px !important;padding-left: 0px !important;}\u00a0\u00bb link=\u00a0\u00bburl:https%3A%2F%2F360.agency%2Ffr%2Fcompagnies%2Fnetmedia360-journalisme-automobile%2F|title:NETMEDIA%20360&Prime;][\/vc_column_inner][vc_column_inner width=\u00a0\u00bb1\/4&Prime; css=\u00a0\u00bb.vc_custom_1654869069300{margin-top: 10px !important;margin-right: 4% !important;margin-bottom: 10px !important;margin-left: 4% !important;border-top-width: 1px !important;border-right-width: 1px !important;border-bottom-width: 1px !important;border-left-width: 1px !important;padding-top: 10% !important;padding-right: 10% !important;padding-bottom: 10% !important;padding-left: 10% !important;background-color: #ffffff !important;border-left-color: #d8d8d8 !important;border-left-style: solid !important;border-right-color: #d8d8d8 !important;border-right-style: solid !important;border-top-color: #d8d8d8 !important;border-top-style: solid !important;border-bottom-color: #d8d8d8 !important;border-bottom-style: solid !important;}\u00a0\u00bb][vc_single_image image=\u00a0\u00bb35290&Prime; alignment=\u00a0\u00bbcenter\u00a0\u00bb onclick=\u00a0\u00bbcustom_link\u00a0\u00bb css=\u00a0\u00bb.vc_custom_1686925753606{padding-top: 20px !important;}\u00a0\u00bb link=\u00a0\u00bbhttps:\/\/360.agency\/fr\/compagnies\/netmedia360-journalisme-automobile\/\u00a0\u00bb][vc_custom_heading text=\u00a0\u00bbPhilippe-Antoine Laurence\u00a0\u00bb font_container=\u00a0\u00bbtag:div|font_size:16px|text_align:center|color:%234a4a4a|line_height:22px\u00a0\u00bb google_fonts=\u00a0\u00bbfont_family:Roboto%3A100%2C100italic%2C300%2C300italic%2Cregular%2Citalic%2C500%2C500italic%2C700%2C700italic%2C900%2C900italic\u00a0\u00bb el_class=\u00a0\u00bbtxt-regular\u00a0\u00bb css=\u00a0\u00bb.vc_custom_1686925914775{margin-top: 0px !important;margin-right: 0px !important;margin-bottom: 0px !important;margin-left: 0px !important;border-top-width: 0px !important;border-right-width: 0px !important;border-bottom-width: 0px !important;border-left-width: 0px !important;padding-top: 0px !important;padding-right: 0px !important;padding-bottom: 20px !important;padding-left: 0px !important;}\u00a0\u00bb][vc_custom_heading text=\u00a0\u00bbVP technologie et protection de la vie priv\u00e9e \u2013 360.Agency\u00a0\u00bb font_container=\u00a0\u00bbtag:div|font_size:14px|text_align:center|color:%234a4a4a|line_height:20px\u00a0\u00bb google_fonts=\u00a0\u00bbfont_family:Roboto%3A100%2C100italic%2C300%2C300italic%2Cregular%2Citalic%2C500%2C500italic%2C700%2C700italic%2C900%2C900italic\u00a0\u00bb el_class=\u00a0\u00bbtitle_secondary\u00a0\u00bb css=\u00a0\u00bb.vc_custom_1686925924129{margin-top: 0px !important;margin-right: 0px !important;margin-bottom: 0px !important;margin-left: 0px !important;border-top-width: 0px !important;border-right-width: 0px !important;border-bottom-width: 0px !important;border-left-width: 0px !important;padding-top: 0px !important;padding-right: 0px !important;padding-bottom: 20px !important;padding-left: 0px !important;}\u00a0\u00bb link=\u00a0\u00bburl:https%3A%2F%2F360.agency%2Ffr%2Fcompagnies%2Fnetmedia360-journalisme-automobile%2F|title:NETMEDIA%20360&Prime;][\/vc_column_inner][vc_column_inner width=\u00a0\u00bb1\/4&Prime; css=\u00a0\u00bb.vc_custom_1654869080024{margin-top: 10px !important;margin-right: 4% !important;margin-bottom: 10px !important;margin-left: 4% !important;border-top-width: 1px !important;border-right-width: 1px !important;border-bottom-width: 1px !important;border-left-width: 1px !important;padding-top: 10% !important;padding-right: 10% !important;padding-bottom: 10% !important;padding-left: 10% !important;background-color: #ffffff !important;border-left-color: #d8d8d8 !important;border-left-style: solid !important;border-right-color: #d8d8d8 !important;border-right-style: solid !important;border-top-color: #d8d8d8 !important;border-top-style: solid !important;border-bottom-color: #d8d8d8 !important;border-bottom-style: solid !important;}\u00a0\u00bb][vc_single_image image=\u00a0\u00bb31097&Prime; alignment=\u00a0\u00bbcenter\u00a0\u00bb onclick=\u00a0\u00bbcustom_link\u00a0\u00bb css=\u00a0\u00bb.vc_custom_1655148142638{padding-top: 20px !important;}\u00a0\u00bb link=\u00a0\u00bbhttps:\/\/360.agency\/fr\/compagnies\/fidelitix-publicite-programmatique\/\u00a0\u00bb][vc_custom_heading text=\u00a0\u00bbLouis-Yves Cloutier\u00a0\u00bb font_container=\u00a0\u00bbtag:div|font_size:16px|text_align:center|color:%234a4a4a|line_height:22px\u00a0\u00bb google_fonts=\u00a0\u00bbfont_family:Roboto%3A100%2C100italic%2C300%2C300italic%2Cregular%2Citalic%2C500%2C500italic%2C700%2C700italic%2C900%2C900italic\u00a0\u00bb el_class=\u00a0\u00bbtxt-regular\u00a0\u00bb css=\u00a0\u00bb.vc_custom_1655148488014{margin-top: 0px !important;margin-right: 0px !important;margin-bottom: 0px !important;margin-left: 0px !important;border-top-width: 0px !important;border-right-width: 0px !important;border-bottom-width: 0px !important;border-left-width: 0px !important;padding-top: 0px !important;padding-right: 0px !important;padding-bottom: 20px !important;padding-left: 0px !important;}\u00a0\u00bb][vc_custom_heading text=\u00a0\u00bbCEO et Pr\u00e9sident de 360.Agency\u00a0\u00bb font_container=\u00a0\u00bbtag:div|font_size:14px|text_align:center|color:%234a4a4a|line_height:20px\u00a0\u00bb google_fonts=\u00a0\u00bbfont_family:Roboto%3A100%2C100italic%2C300%2C300italic%2Cregular%2Citalic%2C500%2C500italic%2C700%2C700italic%2C900%2C900italic\u00a0\u00bb el_class=\u00a0\u00bbtitle_secondary\u00a0\u00bb css=\u00a0\u00bb.vc_custom_1655148340100{margin-top: 0px !important;margin-right: 0px !important;margin-bottom: 0px !important;margin-left: 0px !important;border-top-width: 0px !important;border-right-width: 0px !important;border-bottom-width: 0px !important;border-left-width: 0px !important;padding-top: 0px !important;padding-right: 0px !important;padding-bottom: 0px !important;padding-left: 0px !important;}\u00a0\u00bb link=\u00a0\u00bburl:https%3A%2F%2F360.agency%2Ffr%2Fcompagnies%2Ffidelitix-publicite-programmatique%2F|title:Fidelitix\u00a0\u00bb][\/vc_column_inner][\/vc_row_inner][\/vc_column][\/vc_row][vc_row][vc_column][vc_row_inner][vc_column_inner][vc_empty_space height=\u00a0\u00bb20px\u00a0\u00bb][vc_column_text]<span style=\"font-family: Roboto;\">Apr\u00e8s une journ\u00e9e d\u2019\u00e9changes et de rencontres d\u00e9di\u00e9e au futur de l\u2019industrie automobile, les participants ont termin\u00e9 en profitant d\u2019un cocktail dinatoire bien m\u00e9rit\u00e9 dans la tr\u00e8s chaleureuse salle de La Fabrik8!\u00a0<\/span><\/p>\n<p><span style=\"font-family: Roboto;\">Les concessionnaires et partenaires de l\u2019industrie participants \u00e0 360.RDV ont v\u00e9ritablement appr\u00e9ci\u00e9 cette journ\u00e9e qui leur \u00e9tait d\u00e9di\u00e9, o\u00f9 ils ont pu compl\u00e9ter leurs connaissances sur les sujets brulants de l\u2019industrie et leur expertise dans les nouvelles technologies qui s\u2019offrent \u00e0 eux pour prendre l\u2019avance sur la concurrence.<\/span><b><i><\/i><\/b>[\/vc_column_text][vc_empty_space height=\u00a0\u00bb20px\u00a0\u00bb][vc_column_text el_class=\u00a0\u00bbtitle_primary\u00a0\u00bb]<span style=\"font-family: Roboto; font-size: 18pt;\">360.RDV 2023 en video<\/span>[\/vc_column_text][vc_video link=\u00a0\u00bbhttps:\/\/www.youtube.com\/watch?v=gvsVKSiIArQ\u00a0\u00bb][vc_empty_space height=\u00a0\u00bb30px\u00a0\u00bb][\/vc_column_inner][\/vc_row_inner][vc_row_inner][vc_column_inner width=\u00a0\u00bb1\/3&Prime;][vc_video link=\u00a0\u00bbhttps:\/\/www.youtube.com\/shorts\/1Z7qbcP4z-c\u00a0\u00bb][vc_video link=\u00a0\u00bbhttps:\/\/www.youtube.com\/watch?v=cwN7pTw06sc\u00a0\u00bb][\/vc_column_inner][vc_column_inner width=\u00a0\u00bb1\/3&Prime;][vc_video link=\u00a0\u00bbhttps:\/\/www.youtube.com\/watch?v=evz9Q8CkU20&Prime;][vc_video link=\u00a0\u00bbhttps:\/\/www.youtube.com\/watch?v=6X-UIlt2N8k\u00a0\u00bb][\/vc_column_inner][vc_column_inner width=\u00a0\u00bb1\/3&Prime;][vc_video link=\u00a0\u00bbhttps:\/\/www.youtube.com\/watch?v=WEgCIbzRVio\u00a0\u00bb][vc_video link=\u00a0\u00bbhttps:\/\/www.youtube.com\/watch?v=evz9Q8CkU20&Prime;][\/vc_column_inner][\/vc_row_inner][\/vc_column][\/vc_row][vc_row][vc_column][vc_empty_space height=\u00a0\u00bb60px\u00a0\u00bb][vc_column_text el_class=\u00a0\u00bbtitle_primary\u00a0\u00bb]<span style=\"font-family: Roboto; font-size: 18pt;\">360.RDV 2023 en images<\/span>[\/vc_column_text][vc_masonry_media_grid gap=\u00a0\u00bb10&Prime; grid_id=\u00a0\u00bbvc_gid:1688484753911-88679f03-0d7f-1&Prime; include=\u00a0\u00bb35302,35304,35306,35308,35310,35312,35314,35318,35320,35322,35324,35326,35328,35330,35332,35334,35336,35338,35344,35362,35364,35366,35368,35370,35372,35374,35376,35378&Prime;][vc_empty_space height=\u00a0\u00bb30px\u00a0\u00bb][vc_column_text]<\/p>\n<p style=\"text-align: center;\"><span style=\"font-family: Roboto; font-size: 18pt;\"><b><i>360.Agency, soyez bien accompagn\u00e9!<\/i><\/b><\/span><\/p>\n<p>[\/vc_column_text][\/vc_column][\/vc_row][vc_row content_placement=\u00a0\u00bbtop\u00a0\u00bb css=\u00a0\u00bb.vc_custom_1649777990975{margin-top: 0px !important;margin-bottom: 0px !important;border-top-width: 0px !important;border-right-width: 0px !important;border-bottom-width: 0px !important;border-left-width: 0px !important;padding-top: 0px !important;padding-right: 0px !important;padding-bottom: 0px !important;padding-left: 0px !important;}\u00a0\u00bb el_class=\u00a0\u00bbrow-header\u00a0\u00bb][vc_column css=\u00a0\u00bb.vc_custom_1649778011096{padding-bottom: 10px !important;background-color: #f6f6f6 !important;}\u00a0\u00bb][vc_custom_heading text=\u00a0\u00bbD\u00e9couvrez nos services publicitaires et g\u00e9n\u00e9rez un maximum d&rsquo;opportunit\u00e9s avec nos experts\u00a0\u00bb font_container=\u00a0\u00bbtag:h3|font_size:20px|text_align:center|color:%234a4a4a|line_height:24px\u00a0\u00bb google_fonts=\u00a0\u00bbfont_family:Roboto%3A100%2C100italic%2C300%2C300italic%2Cregular%2Citalic%2C500%2C500italic%2C700%2C700italic%2C900%2C900italic\u00a0\u00bb el_class=\u00a0\u00bbtitle_secondary\u00a0\u00bb][vc_empty_space height=\u00a0\u00bb15px\u00a0\u00bb][vc_btn title=\u00a0\u00bbEN SAVOIR PLUS\u00a0\u00bb style=\u00a0\u00bbclassic\u00a0\u00bb shape=\u00a0\u00bbsquare\u00a0\u00bb color=\u00a0\u00bbjuicy-pink\u00a0\u00bb align=\u00a0\u00bbcenter\u00a0\u00bb link=\u00a0\u00bburl:https%3A%2F%2F360.agency%2Ffr%2Fsolutions-pour-concessionnaires-automobiles%2Fplus-de-leads-plus-engagement%2F|title:Nos%20solutions%20digitales\u00a0\u00bb el_class=\u00a0\u00bbbutton_primary\u00a0\u00bb][\/vc_column][\/vc_row][vc_row][vc_column][vc_empty_space height=\u00a0\u00bb60px\u00a0\u00bb][\/vc_column][\/vc_row]<\/p>\n<\/div><!-- AddThis Advanced Settings generic via filter on the_content --><!-- AddThis Share Buttons generic via filter on the_content -->","protected":false},"excerpt":{"rendered":"<p>[vc_row][vc_column][vc_empty_space][vc_column_text]L\u2019ann\u00e9e derni\u00e8re 360.Agency organisait son premier rendez-vous d\u2019experts \u00e0 destination des concessionnaires automobiles du Canada. Fort de son succ\u00e8s,\u00a0 360.RDV revient cette ann\u00e9e dans un format plus grand, plus riche et encore plus inspirant.[\/vc_column_text][\/vc_column][\/vc_row][vc_row content_placement=\u00a0\u00bbmiddle\u00a0\u00bb][vc_column][vc_empty_space height=\u00a0\u00bb22px\u00a0\u00bb][vc_column_text]Le 15 juin, 2023 360.Agency organisait la 2e \u00e9dition du 360.RDV, une journ\u00e9e de conf\u00e9rences et de rencontres pour aider &hellip; <\/p>\n<p class=\"link-more\"><a href=\"https:\/\/360.agency\/fr\/blog\/360-rdv-conferences-concessionnaires-automobiles-2023\/\" class=\"more-link\">Continuer la lecture<span class=\"screen-reader-text\"> de &laquo;&nbsp;360.RDV Retour sur le succ\u00e8s de notre \u00e9v\u00e9nement unique!&nbsp;&raquo;<\/span><\/a><\/p>\n<p><!-- AddThis Advanced Settings generic via filter on get_the_excerpt --><!-- AddThis Share Buttons generic via filter on get_the_excerpt --><\/p>\n","protected":false},"author":26,"featured_media":35296,"comment_status":"open","ping_status":"open","sticky":false,"template":"","format":"standard","meta":{"_jetpack_memberships_contains_paid_content":false,"footnotes":""},"categories":[235,477,262],"tags":[],"class_list":["post-35222","post","type-post","status-publish","format-standard","has-post-thumbnail","hentry","category-360-experts","category-360-rdv","category-360-success-fr"],"yoast_head":"<!-- This site is optimized with the Yoast SEO plugin v27.4 - https:\/\/yoast.com\/product\/yoast-seo-wordpress\/ -->\n<title>360.Agency &#8226; 360.RDV 360.RDV Retour sur le succ\u00e8s de notre \u00e9v\u00e9nement unique!<\/title>\n<meta name=\"description\" content=\"Retour sur la 2e \u00e9dition du 360.RDV, une journ\u00e9e de conf\u00e9rences sur le th\u00e8me du futur de l&#039;industrie automobile organis\u00e9 par 360.Agency.\" \/>\n<meta name=\"robots\" content=\"index, follow, max-snippet:-1, max-image-preview:large, max-video-preview:-1\" \/>\n<link rel=\"canonical\" href=\"https:\/\/360.agency\/fr\/blog\/360-rdv-conferences-concessionnaires-automobiles-2023\/\" \/>\n<meta property=\"og:locale\" content=\"fr_FR\" \/>\n<meta property=\"og:type\" content=\"article\" \/>\n<meta property=\"og:title\" content=\"360.Agency &#8226; 360.RDV 360.RDV Retour sur le succ\u00e8s de notre \u00e9v\u00e9nement unique!\" \/>\n<meta property=\"og:description\" content=\"Retour sur la 2e \u00e9dition du 360.RDV, une journ\u00e9e de conf\u00e9rences sur le th\u00e8me du futur de l&#039;industrie automobile organis\u00e9 par 360.Agency.\" \/>\n<meta property=\"og:url\" content=\"https:\/\/360.agency\/fr\/blog\/360-rdv-conferences-concessionnaires-automobiles-2023\/\" \/>\n<meta property=\"og:site_name\" content=\"360.Agency\" \/>\n<meta property=\"article:publisher\" content=\"https:\/\/www.facebook.com\/360.agencymtl\" \/>\n<meta property=\"article:published_time\" content=\"2023-06-14T18:59:37+00:00\" \/>\n<meta property=\"article:modified_time\" content=\"2023-07-04T15:33:46+00:00\" \/>\n<meta property=\"og:image\" content=\"https:\/\/360.agency\/wp-content\/uploads\/2023\/06\/Header-RDV-Retour-Rdv.png\" \/>\n\t<meta property=\"og:image:width\" content=\"1200\" \/>\n\t<meta property=\"og:image:height\" content=\"350\" \/>\n\t<meta property=\"og:image:type\" content=\"image\/png\" \/>\n<meta name=\"author\" content=\"360.Agency\" \/>\n<meta name=\"twitter:card\" content=\"summary_large_image\" \/>\n<meta name=\"twitter:label1\" content=\"\u00c9crit par\" \/>\n\t<meta name=\"twitter:data1\" content=\"360.Agency\" \/>\n\t<meta name=\"twitter:label2\" content=\"Dur\u00e9e de lecture est.\" \/>\n\t<meta name=\"twitter:data2\" content=\"11 minutes\" \/>\n<script type=\"application\/ld+json\" class=\"yoast-schema-graph\">{\"@context\":\"https:\\\/\\\/schema.org\",\"@graph\":[{\"@type\":\"Article\",\"@id\":\"https:\\\/\\\/360.agency\\\/fr\\\/blog\\\/360-rdv-conferences-concessionnaires-automobiles-2023\\\/#article\",\"isPartOf\":{\"@id\":\"https:\\\/\\\/360.agency\\\/fr\\\/blog\\\/360-rdv-conferences-concessionnaires-automobiles-2023\\\/\"},\"author\":{\"name\":\"360.Agency\",\"@id\":\"https:\\\/\\\/360.agency\\\/en\\\/#\\\/schema\\\/person\\\/8fa87a6308e5828bdc88e117e46db3a7\"},\"headline\":\"360.RDV Retour sur le succ\u00e8s de notre \u00e9v\u00e9nement unique!\",\"datePublished\":\"2023-06-14T18:59:37+00:00\",\"dateModified\":\"2023-07-04T15:33:46+00:00\",\"mainEntityOfPage\":{\"@id\":\"https:\\\/\\\/360.agency\\\/fr\\\/blog\\\/360-rdv-conferences-concessionnaires-automobiles-2023\\\/\"},\"wordCount\":4169,\"commentCount\":0,\"publisher\":{\"@id\":\"https:\\\/\\\/360.agency\\\/en\\\/#organization\"},\"image\":{\"@id\":\"https:\\\/\\\/360.agency\\\/fr\\\/blog\\\/360-rdv-conferences-concessionnaires-automobiles-2023\\\/#primaryimage\"},\"thumbnailUrl\":\"https:\\\/\\\/360.agency\\\/wp-content\\\/uploads\\\/2023\\\/06\\\/Header-RDV-Retour-Rdv.png\",\"articleSection\":[\"360.Experts\",\"360.RDV\",\"360.Success\"],\"inLanguage\":\"fr-FR\",\"potentialAction\":[{\"@type\":\"CommentAction\",\"name\":\"Comment\",\"target\":[\"https:\\\/\\\/360.agency\\\/fr\\\/blog\\\/360-rdv-conferences-concessionnaires-automobiles-2023\\\/#respond\"]}]},{\"@type\":\"WebPage\",\"@id\":\"https:\\\/\\\/360.agency\\\/fr\\\/blog\\\/360-rdv-conferences-concessionnaires-automobiles-2023\\\/\",\"url\":\"https:\\\/\\\/360.agency\\\/fr\\\/blog\\\/360-rdv-conferences-concessionnaires-automobiles-2023\\\/\",\"name\":\"360.Agency &#8226; 360.RDV 360.RDV Retour sur le succ\u00e8s de notre \u00e9v\u00e9nement unique!\",\"isPartOf\":{\"@id\":\"https:\\\/\\\/360.agency\\\/en\\\/#website\"},\"primaryImageOfPage\":{\"@id\":\"https:\\\/\\\/360.agency\\\/fr\\\/blog\\\/360-rdv-conferences-concessionnaires-automobiles-2023\\\/#primaryimage\"},\"image\":{\"@id\":\"https:\\\/\\\/360.agency\\\/fr\\\/blog\\\/360-rdv-conferences-concessionnaires-automobiles-2023\\\/#primaryimage\"},\"thumbnailUrl\":\"https:\\\/\\\/360.agency\\\/wp-content\\\/uploads\\\/2023\\\/06\\\/Header-RDV-Retour-Rdv.png\",\"datePublished\":\"2023-06-14T18:59:37+00:00\",\"dateModified\":\"2023-07-04T15:33:46+00:00\",\"description\":\"Retour sur la 2e \u00e9dition du 360.RDV, une journ\u00e9e de conf\u00e9rences sur le th\u00e8me du futur de l'industrie automobile organis\u00e9 par 360.Agency.\",\"breadcrumb\":{\"@id\":\"https:\\\/\\\/360.agency\\\/fr\\\/blog\\\/360-rdv-conferences-concessionnaires-automobiles-2023\\\/#breadcrumb\"},\"inLanguage\":\"fr-FR\",\"potentialAction\":[{\"@type\":\"ReadAction\",\"target\":[\"https:\\\/\\\/360.agency\\\/fr\\\/blog\\\/360-rdv-conferences-concessionnaires-automobiles-2023\\\/\"]}]},{\"@type\":\"ImageObject\",\"inLanguage\":\"fr-FR\",\"@id\":\"https:\\\/\\\/360.agency\\\/fr\\\/blog\\\/360-rdv-conferences-concessionnaires-automobiles-2023\\\/#primaryimage\",\"url\":\"https:\\\/\\\/360.agency\\\/wp-content\\\/uploads\\\/2023\\\/06\\\/Header-RDV-Retour-Rdv.png\",\"contentUrl\":\"https:\\\/\\\/360.agency\\\/wp-content\\\/uploads\\\/2023\\\/06\\\/Header-RDV-Retour-Rdv.png\",\"width\":1200,\"height\":350,\"caption\":\"Retour sur le succ\u00e8s de notre \u00e9v\u00e9nement unique!\"},{\"@type\":\"BreadcrumbList\",\"@id\":\"https:\\\/\\\/360.agency\\\/fr\\\/blog\\\/360-rdv-conferences-concessionnaires-automobiles-2023\\\/#breadcrumb\",\"itemListElement\":[{\"@type\":\"ListItem\",\"position\":1,\"name\":\"Home\",\"item\":\"https:\\\/\\\/360.agency\\\/fr\\\/\"},{\"@type\":\"ListItem\",\"position\":2,\"name\":\"360.RDV Retour sur le succ\u00e8s de notre \u00e9v\u00e9nement unique!\"}]},{\"@type\":\"WebSite\",\"@id\":\"https:\\\/\\\/360.agency\\\/en\\\/#website\",\"url\":\"https:\\\/\\\/360.agency\\\/en\\\/\",\"name\":\"360.Agency\",\"description\":\"\",\"publisher\":{\"@id\":\"https:\\\/\\\/360.agency\\\/en\\\/#organization\"},\"potentialAction\":[{\"@type\":\"SearchAction\",\"target\":{\"@type\":\"EntryPoint\",\"urlTemplate\":\"https:\\\/\\\/360.agency\\\/en\\\/?s={search_term_string}\"},\"query-input\":{\"@type\":\"PropertyValueSpecification\",\"valueRequired\":true,\"valueName\":\"search_term_string\"}}],\"inLanguage\":\"fr-FR\"},{\"@type\":\"Organization\",\"@id\":\"https:\\\/\\\/360.agency\\\/en\\\/#organization\",\"name\":\"360.Agency\",\"url\":\"https:\\\/\\\/360.agency\\\/en\\\/\",\"logo\":{\"@type\":\"ImageObject\",\"inLanguage\":\"fr-FR\",\"@id\":\"https:\\\/\\\/360.agency\\\/en\\\/#\\\/schema\\\/logo\\\/image\\\/\",\"url\":\"https:\\\/\\\/360.agency\\\/wp-content\\\/uploads\\\/2021\\\/09\\\/logo_dark_360.agency-400x135-1.png\",\"contentUrl\":\"https:\\\/\\\/360.agency\\\/wp-content\\\/uploads\\\/2021\\\/09\\\/logo_dark_360.agency-400x135-1.png\",\"width\":400,\"height\":135,\"caption\":\"360.Agency\"},\"image\":{\"@id\":\"https:\\\/\\\/360.agency\\\/en\\\/#\\\/schema\\\/logo\\\/image\\\/\"},\"sameAs\":[\"https:\\\/\\\/www.facebook.com\\\/360.agencymtl\",\"https:\\\/\\\/www.instagram.com\\\/360.agencymtl\\\/\",\"https:\\\/\\\/www.linkedin.com\\\/company\\\/9325060\",\"https:\\\/\\\/www.youtube.com\\\/channel\\\/UCW_KTNCIkbBdCJYZUSACJBQ\"]},{\"@type\":\"Person\",\"@id\":\"https:\\\/\\\/360.agency\\\/en\\\/#\\\/schema\\\/person\\\/8fa87a6308e5828bdc88e117e46db3a7\",\"name\":\"360.Agency\",\"image\":{\"@type\":\"ImageObject\",\"inLanguage\":\"fr-FR\",\"@id\":\"https:\\\/\\\/secure.gravatar.com\\\/avatar\\\/852944f49e2478ce26abbc5edf322417bbd7c1ee8124f8b5da2ef5dcbcc2b0da?s=96&d=mm&r=g\",\"url\":\"https:\\\/\\\/secure.gravatar.com\\\/avatar\\\/852944f49e2478ce26abbc5edf322417bbd7c1ee8124f8b5da2ef5dcbcc2b0da?s=96&d=mm&r=g\",\"contentUrl\":\"https:\\\/\\\/secure.gravatar.com\\\/avatar\\\/852944f49e2478ce26abbc5edf322417bbd7c1ee8124f8b5da2ef5dcbcc2b0da?s=96&d=mm&r=g\",\"caption\":\"360.Agency\"},\"url\":\"https:\\\/\\\/360.agency\\\/fr\\\/blog\\\/author\\\/mthibault\\\/\"}]}<\/script>\n<!-- \/ Yoast SEO plugin. -->","yoast_head_json":{"title":"360.Agency &#8226; 360.RDV 360.RDV Retour sur le succ\u00e8s de notre \u00e9v\u00e9nement unique!","description":"Retour sur la 2e \u00e9dition du 360.RDV, une journ\u00e9e de conf\u00e9rences sur le th\u00e8me du futur de l'industrie automobile organis\u00e9 par 360.Agency.","robots":{"index":"index","follow":"follow","max-snippet":"max-snippet:-1","max-image-preview":"max-image-preview:large","max-video-preview":"max-video-preview:-1"},"canonical":"https:\/\/360.agency\/fr\/blog\/360-rdv-conferences-concessionnaires-automobiles-2023\/","og_locale":"fr_FR","og_type":"article","og_title":"360.Agency &#8226; 360.RDV 360.RDV Retour sur le succ\u00e8s de notre \u00e9v\u00e9nement unique!","og_description":"Retour sur la 2e \u00e9dition du 360.RDV, une journ\u00e9e de conf\u00e9rences sur le th\u00e8me du futur de l'industrie automobile organis\u00e9 par 360.Agency.","og_url":"https:\/\/360.agency\/fr\/blog\/360-rdv-conferences-concessionnaires-automobiles-2023\/","og_site_name":"360.Agency","article_publisher":"https:\/\/www.facebook.com\/360.agencymtl","article_published_time":"2023-06-14T18:59:37+00:00","article_modified_time":"2023-07-04T15:33:46+00:00","og_image":[{"width":1200,"height":350,"url":"https:\/\/360.agency\/wp-content\/uploads\/2023\/06\/Header-RDV-Retour-Rdv.png","type":"image\/png"}],"author":"360.Agency","twitter_card":"summary_large_image","twitter_misc":{"\u00c9crit par":"360.Agency","Dur\u00e9e de lecture est.":"11 minutes"},"schema":{"@context":"https:\/\/schema.org","@graph":[{"@type":"Article","@id":"https:\/\/360.agency\/fr\/blog\/360-rdv-conferences-concessionnaires-automobiles-2023\/#article","isPartOf":{"@id":"https:\/\/360.agency\/fr\/blog\/360-rdv-conferences-concessionnaires-automobiles-2023\/"},"author":{"name":"360.Agency","@id":"https:\/\/360.agency\/en\/#\/schema\/person\/8fa87a6308e5828bdc88e117e46db3a7"},"headline":"360.RDV Retour sur le succ\u00e8s de notre \u00e9v\u00e9nement unique!","datePublished":"2023-06-14T18:59:37+00:00","dateModified":"2023-07-04T15:33:46+00:00","mainEntityOfPage":{"@id":"https:\/\/360.agency\/fr\/blog\/360-rdv-conferences-concessionnaires-automobiles-2023\/"},"wordCount":4169,"commentCount":0,"publisher":{"@id":"https:\/\/360.agency\/en\/#organization"},"image":{"@id":"https:\/\/360.agency\/fr\/blog\/360-rdv-conferences-concessionnaires-automobiles-2023\/#primaryimage"},"thumbnailUrl":"https:\/\/360.agency\/wp-content\/uploads\/2023\/06\/Header-RDV-Retour-Rdv.png","articleSection":["360.Experts","360.RDV","360.Success"],"inLanguage":"fr-FR","potentialAction":[{"@type":"CommentAction","name":"Comment","target":["https:\/\/360.agency\/fr\/blog\/360-rdv-conferences-concessionnaires-automobiles-2023\/#respond"]}]},{"@type":"WebPage","@id":"https:\/\/360.agency\/fr\/blog\/360-rdv-conferences-concessionnaires-automobiles-2023\/","url":"https:\/\/360.agency\/fr\/blog\/360-rdv-conferences-concessionnaires-automobiles-2023\/","name":"360.Agency &#8226; 360.RDV 360.RDV Retour sur le succ\u00e8s de notre \u00e9v\u00e9nement unique!","isPartOf":{"@id":"https:\/\/360.agency\/en\/#website"},"primaryImageOfPage":{"@id":"https:\/\/360.agency\/fr\/blog\/360-rdv-conferences-concessionnaires-automobiles-2023\/#primaryimage"},"image":{"@id":"https:\/\/360.agency\/fr\/blog\/360-rdv-conferences-concessionnaires-automobiles-2023\/#primaryimage"},"thumbnailUrl":"https:\/\/360.agency\/wp-content\/uploads\/2023\/06\/Header-RDV-Retour-Rdv.png","datePublished":"2023-06-14T18:59:37+00:00","dateModified":"2023-07-04T15:33:46+00:00","description":"Retour sur la 2e \u00e9dition du 360.RDV, une journ\u00e9e de conf\u00e9rences sur le th\u00e8me du futur de l'industrie automobile organis\u00e9 par 360.Agency.","breadcrumb":{"@id":"https:\/\/360.agency\/fr\/blog\/360-rdv-conferences-concessionnaires-automobiles-2023\/#breadcrumb"},"inLanguage":"fr-FR","potentialAction":[{"@type":"ReadAction","target":["https:\/\/360.agency\/fr\/blog\/360-rdv-conferences-concessionnaires-automobiles-2023\/"]}]},{"@type":"ImageObject","inLanguage":"fr-FR","@id":"https:\/\/360.agency\/fr\/blog\/360-rdv-conferences-concessionnaires-automobiles-2023\/#primaryimage","url":"https:\/\/360.agency\/wp-content\/uploads\/2023\/06\/Header-RDV-Retour-Rdv.png","contentUrl":"https:\/\/360.agency\/wp-content\/uploads\/2023\/06\/Header-RDV-Retour-Rdv.png","width":1200,"height":350,"caption":"Retour sur le succ\u00e8s de notre \u00e9v\u00e9nement unique!"},{"@type":"BreadcrumbList","@id":"https:\/\/360.agency\/fr\/blog\/360-rdv-conferences-concessionnaires-automobiles-2023\/#breadcrumb","itemListElement":[{"@type":"ListItem","position":1,"name":"Home","item":"https:\/\/360.agency\/fr\/"},{"@type":"ListItem","position":2,"name":"360.RDV Retour sur le succ\u00e8s de notre \u00e9v\u00e9nement unique!"}]},{"@type":"WebSite","@id":"https:\/\/360.agency\/en\/#website","url":"https:\/\/360.agency\/en\/","name":"360.Agency","description":"","publisher":{"@id":"https:\/\/360.agency\/en\/#organization"},"potentialAction":[{"@type":"SearchAction","target":{"@type":"EntryPoint","urlTemplate":"https:\/\/360.agency\/en\/?s={search_term_string}"},"query-input":{"@type":"PropertyValueSpecification","valueRequired":true,"valueName":"search_term_string"}}],"inLanguage":"fr-FR"},{"@type":"Organization","@id":"https:\/\/360.agency\/en\/#organization","name":"360.Agency","url":"https:\/\/360.agency\/en\/","logo":{"@type":"ImageObject","inLanguage":"fr-FR","@id":"https:\/\/360.agency\/en\/#\/schema\/logo\/image\/","url":"https:\/\/360.agency\/wp-content\/uploads\/2021\/09\/logo_dark_360.agency-400x135-1.png","contentUrl":"https:\/\/360.agency\/wp-content\/uploads\/2021\/09\/logo_dark_360.agency-400x135-1.png","width":400,"height":135,"caption":"360.Agency"},"image":{"@id":"https:\/\/360.agency\/en\/#\/schema\/logo\/image\/"},"sameAs":["https:\/\/www.facebook.com\/360.agencymtl","https:\/\/www.instagram.com\/360.agencymtl\/","https:\/\/www.linkedin.com\/company\/9325060","https:\/\/www.youtube.com\/channel\/UCW_KTNCIkbBdCJYZUSACJBQ"]},{"@type":"Person","@id":"https:\/\/360.agency\/en\/#\/schema\/person\/8fa87a6308e5828bdc88e117e46db3a7","name":"360.Agency","image":{"@type":"ImageObject","inLanguage":"fr-FR","@id":"https:\/\/secure.gravatar.com\/avatar\/852944f49e2478ce26abbc5edf322417bbd7c1ee8124f8b5da2ef5dcbcc2b0da?s=96&d=mm&r=g","url":"https:\/\/secure.gravatar.com\/avatar\/852944f49e2478ce26abbc5edf322417bbd7c1ee8124f8b5da2ef5dcbcc2b0da?s=96&d=mm&r=g","contentUrl":"https:\/\/secure.gravatar.com\/avatar\/852944f49e2478ce26abbc5edf322417bbd7c1ee8124f8b5da2ef5dcbcc2b0da?s=96&d=mm&r=g","caption":"360.Agency"},"url":"https:\/\/360.agency\/fr\/blog\/author\/mthibault\/"}]}},"views":2322,"jetpack_featured_media_url":"https:\/\/360.agency\/wp-content\/uploads\/2023\/06\/Header-RDV-Retour-Rdv.png","jetpack_sharing_enabled":true,"_links":{"self":[{"href":"https:\/\/360.agency\/fr\/wp-json\/wp\/v2\/posts\/35222","targetHints":{"allow":["GET"]}}],"collection":[{"href":"https:\/\/360.agency\/fr\/wp-json\/wp\/v2\/posts"}],"about":[{"href":"https:\/\/360.agency\/fr\/wp-json\/wp\/v2\/types\/post"}],"author":[{"embeddable":true,"href":"https:\/\/360.agency\/fr\/wp-json\/wp\/v2\/users\/26"}],"replies":[{"embeddable":true,"href":"https:\/\/360.agency\/fr\/wp-json\/wp\/v2\/comments?post=35222"}],"version-history":[{"count":19,"href":"https:\/\/360.agency\/fr\/wp-json\/wp\/v2\/posts\/35222\/revisions"}],"predecessor-version":[{"id":35544,"href":"https:\/\/360.agency\/fr\/wp-json\/wp\/v2\/posts\/35222\/revisions\/35544"}],"wp:featuredmedia":[{"embeddable":true,"href":"https:\/\/360.agency\/fr\/wp-json\/wp\/v2\/media\/35296"}],"wp:attachment":[{"href":"https:\/\/360.agency\/fr\/wp-json\/wp\/v2\/media?parent=35222"}],"wp:term":[{"taxonomy":"category","embeddable":true,"href":"https:\/\/360.agency\/fr\/wp-json\/wp\/v2\/categories?post=35222"},{"taxonomy":"post_tag","embeddable":true,"href":"https:\/\/360.agency\/fr\/wp-json\/wp\/v2\/tags?post=35222"}],"curies":[{"name":"wp","href":"https:\/\/api.w.org\/{rel}","templated":true}]}}